{"id":5788,"date":"2009-10-12T22:00:00","date_gmt":"2009-10-12T22:00:00","guid":{"rendered":"http:\/\/bna.vn\/doluong\/trieu-tien-dong-y-tien-hanh-dam-phan-lien-trieu-2\/"},"modified":"2009-10-12T22:00:00","modified_gmt":"2009-10-12T22:00:00","slug":"trieu-tien-dong-y-tien-hanh-dam-phan-lien-trieu-2","status":"publish","type":"post","link":"https:\/\/doluong.gov.vn\/?p=5788","title":{"rendered":"Tri\u1ec1u Ti\u00ean \u0111\u1ed3ng \u00fd ti\u1ebfn h\u00e0nh \u0111\u00e0m ph\u00e1n li\u00ean Tri\u1ec1u"},"content":{"rendered":"<table height=\"100\" cellspacing=\"1\" cellpadding=\"1\" width=\"200\" align=\"left\" border=\"0\">\n<tbody>\n<tr>\n<td><img loading=\"lazy\" height=\"225\" width=\"300\" alt='%image_alt%' src=\"http:\/\/bna.vn\/doluong\/wp-content\/uploads\/2009\/10\/tri\u00eau ti\u00ean-5788.jpg\" \/><\/td>\n<\/tr>\n<tr>\n<td>\n<div class=\"dtContentImgDesc\"><span id=\"ctl00_mContent_lbImageCaption\">\u0110o&agrave;n t\u1ee5 gia \u0111&igrave;nh 2 mi\u1ec1n Tri\u1ec1u Ti&ecirc;n ng&agrave;y 26\/9. (\u1ea2nh: AFP\/TTXVN)<\/span><\/div>\n<\/td>\n<\/tr>\n<\/tbody>\n<\/table>\n<p><span style=\"font-family: Times New Roman\"><span style=\"font-size: 16px\">B\u1ed9 Th\u1ed1ng nh\u1ea5t H&agrave;n Qu\u1ed1c ng&agrave;y 13\/10 th&ocirc;ng b&aacute;o Tri\u1ec1u Ti&ecirc;n \u0111&atilde; ch\u1ea5p thu\u1eadn \u0111\u1ec1 xu\u1ea5t c\u1ee7a H&agrave;n Qu\u1ed1c ti\u1ebfn h&agrave;nh \u0111&agrave;m ph&aacute;n li&ecirc;n Tri\u1ec1u trong tu\u1ea7n n&agrave;y \u0111\u1ec3 th\u1ea3o lu\u1eadn v\u1ec1 c&aacute;c v\u1ea5n \u0111\u1ec1 nh&acirc;n \u0111\u1ea1o, trong \u0111&oacute; c&oacute; v\u1ea5n \u0111\u1ec1 \u0111o&agrave;n t\u1ee5 c&aacute;c gia \u0111&igrave;nh ly t&aacute;n trong chi\u1ebfn tranh, v&agrave; vi\u1ec7c ph\u1ed1i h\u1ee3p ng\u0103n ch\u1eb7n t&igrave;nh tr\u1ea1ng l\u1ee5t l\u1ed9i \u1edf s&ocirc;ng Imjin.<\/p>\n<p>Tr\u01b0\u1edbc \u0111&oacute;, ng&agrave;y 12\/10 H&agrave;n Qu\u1ed1c \u0111&atilde; g\u1eedi Tri\u1ec1u Ti&ecirc;n 2 b\u1ee9c th\u01b0. B\u1ee9c th\u01b0 th\u1ee9 nh\u1ea5t do B\u1ed9 tr\u01b0\u1edfng \u0110\u1ea5t \u0111ai v&agrave; V\u1eadn t\u1ea3i H&agrave;n Qu\u1ed1c Chung Jong-hwan g\u1eedi B\u1ed9 tr\u01b0\u1edfng \u0110\u1ea5t \u0111ai v&agrave; B\u1ea3o v\u1ec7 M&ocirc;i tr\u01b0\u1eddng Tri\u1ec1u Ti&ecirc;n Pak Song-nam, trong \u0111&oacute; \u0111\u1ec1 ngh\u1ecb ti\u1ebfn h&agrave;nh \u0111&agrave;m ph&aacute;n c\u1ea5p chuy&ecirc;n vi&ecirc;n v&agrave;o ng&agrave;y 14\/10 t\u1ea1i khu c&ocirc;ng nghi\u1ec7p chung Kaesong v\u1ec1 v\u1ea5n \u0111\u1ec1 ng\u0103n ch\u1eb7n l\u0169 l\u1ee5t \u1edf s&ocirc;ng Imjin b\u1eaft ngu\u1ed3n t\u1eeb Tri\u1ec1u Ti&ecirc;n ch\u1ea3y qua bi&ecirc;n gi\u1edbi li&ecirc;n Tri\u1ec1u.<\/p>\n<p>B\u1ee9c th\u01b0 th\u1ee9 hai do Ch\u1ee7 t\u1ecbch H\u1ed9i ch\u1eef th\u1eadp \u0111\u1ecf H&agrave;n Qu\u1ed1c Yoo Jong-ha g\u1eedi ng\u01b0\u1eddi \u0111\u1ed3ng c\u1ea5p Tri\u1ec1u Ti&ecirc;n Jang Jae-on, \u0111\u1ec1 ngh\u1ecb \u0111&agrave;m ph&aacute;n t\u1ea1i khu du l\u1ecbch Kumgang v&agrave;o ng&agrave;y 16\/10 v\u1ec1 vi\u1ec7c t\u1ed5 ch\u1ee9c th&ecirc;m c&aacute;c cu\u1ed9c \u0111o&agrave;n t\u1ee5 c&aacute;c gia \u0111&igrave;nh ly t&aacute;n trong cu\u1ed9c chi\u1ebfn tranh Tri\u1ec1u Ti&ecirc;n 1950 &#8211; 1953.<\/p>\n<p>Th&ocirc;ng tin tr&ecirc;n \u0111\u01b0\u1ee3c \u0111\u01b0a ra trong b\u1ed1i c\u1ea3nh Tri\u1ec1u Ti&ecirc;n ph&oacute;ng 5 qu\u1ea3 t&ecirc;n l\u1eeda t\u1ea7m ng\u1eafn chi\u1ec1u 12\/10 v&agrave; h&atilde;ng tin Yonhap c\u1ee7a H&agrave;n Qu\u1ed1c cho bi\u1ebft c&oacute; nhi\u1ec1u d\u1ea5u hi\u1ec7u Tri\u1ec1u Ti&ecirc;n chu\u1ea9n b\u1ecb ph&oacute;ng th&ecirc;m t&ecirc;n l\u1eeda t\u1ea7m ng\u1eafn trong ng&agrave;y h&ocirc;m nay 13\/10.<\/p>\n<div style=\"text-align: right\">Theo TTXVN<\/div>\n<p><\/span><\/span><\/p>\n","protected":false},"excerpt":{"rendered":"<p>\u0110o&agrave;n t\u1ee5 gia \u0111&igrave;nh 2 mi\u1ec1n Tri\u1ec1u Ti&ecirc;n ng&agrave;y 26\/9. (\u1ea2nh: AFP\/TTXVN) B\u1ed9 Th\u1ed1ng nh\u1ea5t H&agrave;n Qu\u1ed1c ng&agrave;y 13\/10 th&ocirc;ng b&aacute;o Tri\u1ec1u Ti&ecirc;n \u0111&atilde; ch\u1ea5p thu\u1eadn \u0111\u1ec1 xu\u1ea5t c\u1ee7a H&agrave;n Qu\u1ed1c ti\u1ebfn h&agrave;nh \u0111&agrave;m ph&aacute;n li&ecirc;n Tri\u1ec1u trong tu\u1ea7n n&agrave;y \u0111\u1ec3 th\u1ea3o lu\u1eadn v\u1ec1 c&aacute;c v\u1ea5n \u0111\u1ec1 nh&acirc;n \u0111\u1ea1o, trong \u0111&oacute; c&oacute; v\u1ea5n \u0111\u1ec1 \u0111o&agrave;n [&hellip;]<\/p>\n","protected":false},"author":1,"featured_media":5790,"comment_status":"open","ping_status":"open","sticky":false,"template":"","format":"standard","meta":[],"categories":[4],"tags":[],"_links":{"self":[{"href":"https:\/\/doluong.gov.vn\/index.php?rest_route=\/wp\/v2\/posts\/5788"}],"collection":[{"href":"https:\/\/doluong.gov.vn\/index.php?rest_route=\/wp\/v2\/posts"}],"about":[{"href":"https:\/\/doluong.gov.vn\/index.php?rest_route=\/wp\/v2\/types\/post"}],"author":[{"embeddable":true,"href":"https:\/\/doluong.gov.vn\/index.php?rest_route=\/wp\/v2\/users\/1"}],"replies":[{"embeddable":true,"href":"https:\/\/doluong.gov.vn\/index.php?rest_route=%2Fwp%2Fv2%2Fcomments&post=5788"}],"version-history":[{"count":0,"href":"https:\/\/doluong.gov.vn\/index.php?rest_route=\/wp\/v2\/posts\/5788\/revisions"}],"wp:featuredmedia":[{"embeddable":true,"href":"https:\/\/doluong.gov.vn\/index.php?rest_route=\/wp\/v2\/media\/5790"}],"wp:attachment":[{"href":"https:\/\/doluong.gov.vn\/index.php?rest_route=%2Fwp%2Fv2%2Fmedia&parent=5788"}],"wp:term":[{"taxonomy":"category","embeddable":true,"href":"https:\/\/doluong.gov.vn\/index.php?rest_route=%2Fwp%2Fv2%2Fcategories&post=5788"},{"taxonomy":"post_tag","embeddable":true,"href":"https:\/\/doluong.gov.vn\/index.php?rest_route=%2Fwp%2Fv2%2Ftags&post=5788"}],"curies":[{"name":"wp","href":"https:\/\/api.w.org\/{rel}","templated":true}]}}