{"id":4821,"date":"2009-12-15T23:00:00","date_gmt":"2009-12-15T23:00:00","guid":{"rendered":"http:\/\/bna.vn\/doluong\/pakistan-danh-bom-lam-92-nguoi-thuong-vong\/"},"modified":"2009-12-15T23:00:00","modified_gmt":"2009-12-15T23:00:00","slug":"pakistan-danh-bom-lam-92-nguoi-thuong-vong","status":"publish","type":"post","link":"https:\/\/doluong.gov.vn\/?p=4821","title":{"rendered":"Pakistan: \u0110\u00e1nh bom l\u00e0m 92 ng\u01b0\u1eddi th\u01b0\u01a1ng vong"},"content":{"rendered":"<p><span style=\"font-size: 16px\"><span style=\"font-family: Times New Roman\"><\/p>\n<table height=\"100\" cellspacing=\"1\" cellpadding=\"1\" width=\"200\" align=\"left\" border=\"0\">\n<tbody>\n<tr>\n<td><img loading=\"lazy\" height=\"225\" width=\"300\" alt=\"\" src=\"https:\/\/doluong.gov.vn\/Uploads\/image\/TinTuc\/TinNuocNgoai\/%C4%90%C3%A1nh%20bom%20Pakistan.jpg\" \/><\/td>\n<\/tr>\n<tr>\n<td>\n<div class=\"dtContentImgDesc\"><span id=\"ctl00_mContent_lbImageCaption\">Hi\u1ec7n tr\u01b0\u1eddng v\u1ee5 \u0111&aacute;nh bom \u1edf trung t&acirc;m th\u1ecb tr\u1ea5n Dera Ghazi Khan c\u1ee7a Pakistan. (\u1ea2nh: AP)<\/span><\/div>\n<\/td>\n<\/tr>\n<\/tbody>\n<\/table>\n<p>&Iacute;t nh\u1ea5t 22 ng\u01b0\u1eddi thi\u1ec7t m\u1ea1ng v&agrave; 70 ng\u01b0\u1eddi kh&aacute;c b\u1ecb th\u01b0\u01a1ng trong m\u1ed9t v\u1ee5 \u0111&aacute;nh bom li\u1ec1u ch\u1ebft, x\u1ea3y ra ng&agrave;y 15\/12 t\u1ea1i m\u1ed9t khu ch\u1ee3 s\u1ea7m u\u1ea5t \u1edf trung t&acirc;m th\u1ecb tr\u1ea5n Dera Ghazi Khan, thu\u1ed9c t\u1ec9nh Punjab c\u1ee7a Pakistan.<\/p>\n<div align=\"justify\">\nC\u1ea3nh s&aacute;t \u0111\u1ecba ph\u01b0\u01a1ng cho bi\u1ebft m\u1ed9t k\u1ebb \u0111&aacute;nh bom \u0111&atilde; l&aacute;i chi\u1ebfc xe ch\u1edf kho\u1ea3ng 5kg thu\u1ed1c n\u1ed5 \u0111&acirc;m th\u1eb3ng v&agrave;o t\u01b0 gia c\u1ee7a m\u1ed9t quan ch\u1ee9c c\u1ea5p cao t\u1ec9nh Punjab, &ocirc;ng Dost Muhammad Khosa. <\/p>\n<p>S\u1ee9c c&ocirc;ng ph&aacute; l\u1edbn c\u1ee7a v\u1ee5 n\u1ed5 \u0111&atilde; l&agrave;m h\u01b0 h\u1ea1i n\u1eb7ng n\u1ec1 ng&ocirc;i nh&agrave; c\u1ee7a &ocirc;ng n&agrave;y, c\u0169ng nh\u01b0 c&aacute;c ng&ocirc;i nh&agrave; v&agrave; 10 c\u1eeda h&agrave;ng \u1edf g\u1ea7n \u0111&oacute;. &Ocirc;ng Khosa kh&ocirc;ng \u1edf nh&agrave; khi x\u1ea3y ra v\u1ee5 \u0111&aacute;nh bom, song 8 ng\u01b0\u1eddi trong gia \u0111&igrave;nh &ocirc;ng \u0111&atilde; b\u1ecb th\u01b0\u01a1ng n\u1eb7ng. <\/p>\n<p>M\u1ed9t s\u1ed1 ngu\u1ed3n tin cho r\u1eb1ng, v\u1ee5 \u0111&aacute;nh bom tr&ecirc;n l&agrave; nh\u1eb1m ph\u1ea3n \u0111\u1ed1i vi\u1ec7c cha c\u1ee7a &ocirc;ng Khosa, &ocirc;ng Zulfikar Khosa, m\u1edbi \u0111&acirc;y \u0111&atilde; t\u1ed5 ch\u1ee9c m\u1ed9t cu\u1ed9c h\u1ed9i th\u1ea3o ch\u1ec9 tr&iacute;ch c&aacute;c v\u1ee5 t\u1ea5n c&ocirc;ng li\u1ec1u ch\u1ebft. <\/p>\n<p>Trong khi \u0111&oacute;, &ocirc;ng Hassan Iqbal &#8211; m\u1ed9t quan ch\u1ee9c c\u1ea5p cao t\u1ec9nh Punjab &#8211; cho r\u1eb1ng \u0111&acirc;y l&agrave; m\u1ed9t h&agrave;nh \u0111\u1ed9ng kh\u1ee7ng b\u1ed1, do c&oacute; nhi\u1ec1u \u0111i\u1ec3m t\u01b0\u01a1ng \u0111\u1ed3ng v\u1edbi nh\u1eefng v\u1ee5 t\u1ea5n c&ocirc;ng tr\u01b0\u1edbc \u0111&oacute; x\u1ea3y ra \u1edf c&aacute;c \u0111\u1ecba ph\u01b0\u01a1ng kh&aacute;c t\u1ea1i Pakistan. <\/p>\n<p>Hi\u1ec7n c&aacute;c c&ocirc;ng t&aacute;c c\u1ee9u h\u1ed9 \u0111ang \u0111\u01b0\u1ee3c ti\u1ebfn h&agrave;nh kh\u1ea9n tr\u01b0\u01a1ng, song s\u1ed1 th\u01b0\u01a1ng vong c&oacute; th\u1ec3 c&ograve;n t\u0103ng cao do c&ograve;n c&oacute; h&agrave;ng ch\u1ee5c ng\u01b0\u1eddi \u0111ang b\u1ecb k\u1eb9t trong \u0111\u1ed1ng \u0111\u1ed5 n&aacute;t.<\/p>\n<p>V\u1ee5 \u0111&aacute;nh bom xe n&oacute;i tr&ecirc;n x\u1ea3y ra trong b\u1ed1i c\u1ea3nh T\u01b0 l\u1ec7nh B\u1ed9 Ch\u1ec9 huy trung t&acirc;m c\u1ee7a M\u1ef9 (CENTCOM), T\u01b0\u1edbng David Petraeus, \u0111ang c&oacute; chuy\u1ebfn th\u0103m t\u1edbi Pakistan \u0111\u1ec3 k&ecirc;u g\u1ecdi ch&iacute;nh ph\u1ee7 n\u01b0\u1edbc n&agrave;y t\u0103ng c\u01b0\u1eddng s\u1ee9c &eacute;p \u0111\u1ed1i v\u1edbi l\u1ef1c l\u01b0\u1ee3ng Taliban t\u1ea1i Afghanistan. <\/p>\n<p>Gi\u1edbi ch\u1ee9c M\u1ef9 cho r\u1eb1ng l\u1ef1c l\u01b0\u1ee3ng Taliban ng\u01b0\u1eddi Afghanistan \u0111ang s\u1eed d\u1ee5ng nh\u1eefng khu v\u1ef1c an to&agrave;n t\u1ea1i Pakistan l&agrave;m c\u0103n c\u1ee9 \u0111\u1ec3 t\u1ed5 ch\u1ee9c c&aacute;c cu\u1ed9c t\u1ea5n c&ocirc;ng xuy&ecirc;n bi&ecirc;n gi\u1edbi.\/.<\/p>\n<\/div>\n<div class=\"dtContentTxtAuthor\" style=\"text-align: right\"><span id=\"ctl00_mContent_lbSource\">(Theo TTXVN)<\/span>\n<\/div>\n<p><\/span><\/span><\/p>\n","protected":false},"excerpt":{"rendered":"<p>Hi\u1ec7n tr\u01b0\u1eddng v\u1ee5 \u0111&aacute;nh bom \u1edf trung t&acirc;m th\u1ecb tr\u1ea5n Dera Ghazi Khan c\u1ee7a Pakistan. (\u1ea2nh: AP) &Iacute;t nh\u1ea5t 22 ng\u01b0\u1eddi thi\u1ec7t m\u1ea1ng v&agrave; 70 ng\u01b0\u1eddi kh&aacute;c b\u1ecb th\u01b0\u01a1ng trong m\u1ed9t v\u1ee5 \u0111&aacute;nh bom li\u1ec1u ch\u1ebft, x\u1ea3y ra ng&agrave;y 15\/12 t\u1ea1i m\u1ed9t khu ch\u1ee3 s\u1ea7m u\u1ea5t \u1edf trung t&acirc;m th\u1ecb tr\u1ea5n Dera Ghazi Khan, thu\u1ed9c [&hellip;]<\/p>\n","protected":false},"author":1,"featured_media":0,"comment_status":"open","ping_status":"open","sticky":false,"template":"","format":"standard","meta":[],"categories":[4],"tags":[],"_links":{"self":[{"href":"https:\/\/doluong.gov.vn\/index.php?rest_route=\/wp\/v2\/posts\/4821"}],"collection":[{"href":"https:\/\/doluong.gov.vn\/index.php?rest_route=\/wp\/v2\/posts"}],"about":[{"href":"https:\/\/doluong.gov.vn\/index.php?rest_route=\/wp\/v2\/types\/post"}],"author":[{"embeddable":true,"href":"https:\/\/doluong.gov.vn\/index.php?rest_route=\/wp\/v2\/users\/1"}],"replies":[{"embeddable":true,"href":"https:\/\/doluong.gov.vn\/index.php?rest_route=%2Fwp%2Fv2%2Fcomments&post=4821"}],"version-history":[{"count":0,"href":"https:\/\/doluong.gov.vn\/index.php?rest_route=\/wp\/v2\/posts\/4821\/revisions"}],"wp:attachment":[{"href":"https:\/\/doluong.gov.vn\/index.php?rest_route=%2Fwp%2Fv2%2Fmedia&parent=4821"}],"wp:term":[{"taxonomy":"category","embeddable":true,"href":"https:\/\/doluong.gov.vn\/index.php?rest_route=%2Fwp%2Fv2%2Fcategories&post=4821"},{"taxonomy":"post_tag","embeddable":true,"href":"https:\/\/doluong.gov.vn\/index.php?rest_route=%2Fwp%2Fv2%2Ftags&post=4821"}],"curies":[{"name":"wp","href":"https:\/\/api.w.org\/{rel}","templated":true}]}}